{"id":5254,"date":"2026-03-18T18:22:42","date_gmt":"2026-03-18T22:22:42","guid":{"rendered":"https:\/\/enpiste.qc.ca\/communique-de-presse\/2026-2027-budget-the-common-front-for-the-arts-breathes-a-sigh-of-relief\/"},"modified":"2026-04-21T16:49:52","modified_gmt":"2026-04-21T20:49:52","slug":"2026-2027-budget-the-common-front-for-the-arts-breathes-a-sigh-of-relief","status":"publish","type":"communique-de-presse","link":"https:\/\/enpiste.qc.ca\/en\/communique-de-presse\/2026-2027-budget-the-common-front-for-the-arts-breathes-a-sigh-of-relief\/","title":{"rendered":"Budget 2026-2027 : Le Front commun pour les arts soulag\u00e9"},"content":{"rendered":"\n<h2 class=\"wp-block-heading has-small-font-size\"><strong>Pour diffusion imm\u00e9diate<\/strong><br\/><br\/><\/h2>\n\n<h2 class=\"wp-block-heading has-medium-font-size\"><strong>Communiqu\u00e9 de presse<\/strong><br\/><br\/><\/h2>\n\n<p><img decoding=\"async\" width=\"2\" height=\"3\" src=\"\"\/><em>Budget 2026-2027 : Le Front commun pour les arts soulag\u00e9<\/em><br\/><br\/><\/p>\n\n<p><strong>Le gouvernement maintient le financement de La culture \u00e0 l\u2019\u00e9cole et des sorties scolaires en milieu culturel<\/strong><br\/><br\/><\/p>\n\n<p><strong>Montr\u00e9al, le mercredi 18 mars 2026 <\/strong>\u2013 Les 21 organismes du Front commun pour les arts poussent un soupir de soulagement \u00e0 la suite de la pr\u00e9sentation du budget effectu\u00e9e ce 18 mars par le ministre des Finances, \u00c9ric Girard. <br\/><br\/><\/p>\n\n<p>Si le budget de 2025-2026 a \u00e9t\u00e9 marqu\u00e9 par une consolidation historique des cr\u00e9dits de programmes du Conseil des arts et des lettres du Qu\u00e9bec, celui de 2026-2027 t\u00e9moigne d\u2019un statu quo pour nos secteurs. En effet, rappelons que les sorties scolaires en milieu culturel ainsi que le programme La culture \u00e0 l\u2019\u00e9cole \u00e9taient menac\u00e9s de coupes allant jusqu\u2019\u00e0 26,5 M$. Ce sc\u00e9nario catastrophique a d\u2019ailleurs donn\u00e9 naissance \u00e0 une \u00e9ni\u00e8me mobilisation du milieu culturel \u00e0 laquelle s&#8217;est ajout\u00e9 l\u2019appui du secteur de l\u2019\u00e9ducation, de regroupements de parents et de la soci\u00e9t\u00e9 civile.  <\/p>\n\n<p>Nous sommes donc soulag\u00e9s de d\u00e9couvrir que le ministre des Finances a entendu ces cris du c\u0153ur et a maintenu en place les pr\u00e9cieuses sommes d\u00e9di\u00e9es \u00e0 ces programmes. Leurs retomb\u00e9es sont incontestables, notamment en ce qui concerne l\u2019engagement et l\u2019accessibilit\u00e9 de nos jeunes \u00e0 l\u2019art et \u00e0 la culture. Il aurait \u00e9t\u00e9 d\u2019autant plus incompr\u00e9hensible d\u2019amputer une telle somme \u00e0 ce moment pr\u00e9cis de notre histoire, o\u00f9 l\u2019\u00c9tat s\u2019inqui\u00e8te du manque d\u2019int\u00e9r\u00eat de la jeunesse \u00e0 l\u2019\u00e9gard de ce qui se cr\u00e9e et se produit en sol qu\u00e9b\u00e9cois. On ne pouvait \u00e0 la fois souhaiter rapprocher les jeunes de notre culture et fragiliser les initiatives qui les y conduisent.   <br\/><br\/><\/p>\n\n<p>Le Front commun \u00e9met la volont\u00e9 que l\u2019ensemble de ces mesures, qui sont prot\u00e9g\u00e9es, soient bien utilis\u00e9es aux fins auxquelles elles sont destin\u00e9es. \u00c0 ce propos, rappelons qu\u2019en 2025, 20 % des sommes d\u00e9di\u00e9es pouvaient \u00eatre librement transf\u00e9r\u00e9es \u00e0 d\u2019autres affectations budg\u00e9taires au sein des \u00e9tablissements scolaires. <br\/><br\/><\/p>\n\n<h2 class=\"wp-block-heading has-medium-font-size\"><strong>Pour une vision structurante et ambitieuse des arts et de la culture<\/strong><strong><\/strong><\/h2>\n\n<p>Au cours des derniers mois, des r\u00e9flexions d\u2019envergure ont pris forme. Notons, par exemple, le Chantier des arts de la sc\u00e8ne, le Groupe de travail de l\u2019avenir de l\u2019audiovisuel, le r\u00e9cent plan d\u2019action 2025-2028 pour la diffusion des arts actuels au Qu\u00e9bec et le rigoureux chantier entrepris concernant le filet social. Le message est clair : la communaut\u00e9 culturelle et artistique comprend tr\u00e8s bien l&#8217;\u00e9tat actuel du secteur et met \u00e0 profit toute son expertise pour assurer sa p\u00e9rennit\u00e9. Cette volont\u00e9 qui anime tout le secteur t\u00e9moigne d&#8217;un besoin criant : celui d&#8217;une vision claire et structurante de la culture. Face \u00e0 un monde et une \u00e9conomie en profonde mutation, il faut cesser de recourir \u00e0 la strat\u00e9gie du rem\u00e8de \u00e0 court terme. Il est grand temps pour le Qu\u00e9bec de se doter d\u2019un plan d\u2019action et d\u2019une politique culturelle ambitieuse qui soit arrim\u00e9e aux r\u00e9alit\u00e9s actuelles.     <br\/><br\/><\/p>\n\n<h2 class=\"wp-block-heading has-medium-font-size\"><strong>Les travaux doivent se poursuivre<\/strong><\/h2>\n\n<p>Ind\u00e9niablement, l\u2019\u00e9coute dont a fait preuve le gouvernement de Fran\u00e7ois Legault \u00e0 l\u2019\u00e9gard de de divers enjeux ponctuels a permis de stabiliser le secteur. Toutefois, tout reste \u00e0 faire et ces avanc\u00e9es doivent \u00eatre le moteur qui nous permettra d\u2019attaquer des \u00e9l\u00e9ments majeurs encore en suspens. Pensons \u00e0 l\u2019augmentation du budget global allou\u00e9 aux arts et \u00e0 la culture, \u00e0 la mise en place d\u2019un filet social pour les artistes et les travailleur\u00b7euses culturel\u00b7les et \u00e0 l\u2019indexation des programmes de subventions. Le Front commun pour les arts suivra avec attention l\u2019\u00e9volution de ces enjeux et continuera d&#8217;agir comme une voix concert\u00e9e et constructive en ce qui concerne le d\u00e9veloppement culturel du Qu\u00e9bec.   <br\/><br\/><\/p>\n\n<blockquote class=\"wp-block-quote is-layout-flow wp-block-quote-is-layout-flow\">\n<p>\u00ab Les sorties scolaires en milieu culturel et le programme La culture \u00e0 l\u2019\u00e9cole constituent des acquis importants qu\u2019il fallait \u00e0 tout prix pr\u00e9server. Nous esp\u00e9rons que leur existence ou leur financement ne soient plus jamais remis en question. Nous pouvons maintenant travailler avec plus de qui\u00e9tude pour consolider le lien Culture-\u00c9ducation. \u00bb<br\/><br\/><\/p>\n\n\n\n<p>\u2014 Julie-Anne Richard, Directrice g\u00e9n\u00e9rale, Association professionnelle des diffuseurs de spectacles-RIDEAU <br\/><br\/><br\/><\/p>\n<\/blockquote>\n\n<blockquote class=\"wp-block-quote is-layout-flow wp-block-quote-is-layout-flow\">\n<p>\u00ab Nos secteurs sont \u00e0 la crois\u00e9e des chemins et la suite passe n\u00e9cessairement par un meilleur rapprochement entre la jeunesse et la culture, l\u2019\u00e9ducation et les arts. Nos organisations sont pr\u00eates \u00e0 r\u00e9fl\u00e9chir la suite. \u00bb<br\/><br\/><\/p>\n\n\n\n<p>\u2014 Caroline Gignac, Executive Director, Quebec Theatre Council (CQT)<br\/><br\/><\/p>\n<\/blockquote>\n\n<blockquote class=\"wp-block-quote is-layout-flow wp-block-quote-is-layout-flow\">\n<p>\u00ab En pr\u00e9servant le financement de ces programmes, le gouvernement lance un message fort et r\u00e9affirme que la fr\u00e9quentation des arts par nos jeunes, c&#8217;est un service essentiel \u00e0 leur d\u00e9veloppement. J&#8217;esp\u00e8re r\u00e9ellement que ces programmes seront p\u00e9rennis\u00e9s une fois pour toute. \u00bb<br\/><br\/><\/p>\n\n\n\n<p>\u2014 Tania Kontoyanni, President, Union of Artists (UDA)<br\/><br\/><\/p>\n<\/blockquote>\n\n<h2 class=\"wp-block-heading has-medium-font-size\"><strong>\u00c0 propos du Front commun pour les arts<\/strong><\/h2>\n\n<p>Le Front commun pour les arts regroupe 21 organisations repr\u00e9sentant divers secteurs artistiques et culturels de la province. Unies par un objectif commun, ces organisations \u0153uvrent \u00e0 d\u00e9fendre la vitalit\u00e9, la diversit\u00e9 et l\u2019avenir de la culture au Qu\u00e9bec. Face aux pressions \u00e9conomiques et aux d\u00e9fis sociaux, le Front commun revendique des investissements du gouvernement dans le secteur culturel afin de garantir la p\u00e9rennit\u00e9 des arts et de la cr\u00e9ativit\u00e9 qu\u00e9b\u00e9coise.  <\/p>\n\n<p><a href=\"http:\/\/frontcommunpourlesarts.ca\/\">Frontcommunpourlesarts.ca<\/a><br\/><br\/><\/p>\n\n<p>\u2014 30 \u2014<br\/><br\/><\/p>\n\n<p><strong>For inquiries<\/strong><\/p>\n\n<p>V\u00e9ronique Gravel, Conseil qu\u00e9b\u00e9cois du th\u00e9\u00e2tre<\/p>\n\n<p>514 717-3641, communication@cqt.qc.ca<br\/><br\/><\/p>\n\n<p><strong>Source<\/strong><\/p>\n\n<p>The Common Front for the Arts Brings Together<\/p>\n\n<p>Union of Quebec Writers (UNEQ)<\/p>\n\n<p>Association of Contemporary Art Galleries (AGAC)<\/p>\n\n<p>Association of Parallel Cinemas of Quebec (ACPQ)<\/p>\n\n<p>Association professionnelle de diffuseurs de spectacles &#8211; RIDEAU<\/p>\n\n<p>Quebec Council of Arts and Crafts (CMAQ)<\/p>\n\n<p>Quebec Music Council (CQM)<\/p>\n\n<p>Quebec Theatre Council (CQT)<\/p>\n\n<p>DOC Qu\u00e9bec<\/p>\n\n<p>En Piste, National Circus Arts Group<\/p>\n\n<p>National Federation of Communications and Culture (FNCC-CSN)<\/p>\n\n<p>Quebec Musicians&#8217; Guild (GMMQ)<\/p>\n\n<p>Independent Arts Research and Experimentation Peer Group (REPAIRE)<\/p>\n\n<p>Quebec Street Arts Association (RAR)<\/p>\n\n<p>Association of Visual Artists (RAAV)<\/p>\n\n<p>Association of Self-Managed Artist Centers of Quebec (RCAAQ)<\/p>\n\n<p>Quebec Storytelling Association (RCQ)<\/p>\n\n<p>Quebec Dance Association (RQD)<\/p>\n\n<p>Culture 360\u00b0 Network<\/p>\n\n<p>Quebec Cultural Periodicals Development Society (SODEP)<\/p>\n\n<p>Quebec Museum Society (QMS)<\/p>\n\n<p>Union of Artists (UDA)<br\/><br\/><br\/><br\/><\/p>\n\n<div class=\"wp-block-buttons is-layout-flex wp-block-buttons-is-layout-flex\">\n<div class=\"wp-block-button\"><a class=\"wp-block-button__link has-white-color has-text-color has-background has-link-color wp-element-button\" href=\"https:\/\/enpiste.qc.ca\/wp-content\/uploads\/2026\/03\/CDP_20260318-final-FR.pdf\" style=\"background-color:#c90f8f\" target=\"_blank\" rel=\"noreferrer noopener\">Consultez le communiqu\u00e9<\/a><\/div>\n<\/div>\n\n<p><\/p>\n","protected":false},"excerpt":{"rendered":"<p>Le gouvernement maintient le financement de La culture \u00e0 l\u2019\u00e9cole et des sorties scolaires en milieu culturel<\/p>\n","protected":false},"featured_media":5114,"template":"","meta":{"_acf_changed":false},"categories":[156],"tags":[52],"class_list":["post-5254","communique-de-presse","type-communique-de-presse","status-publish","has-post-thumbnail","hentry","category-front-commun-pour-les-arts-en","tag-headlines"],"acf":{"ville_de_levenement":"Montr\u00e9al","name_publieur":"","entreprise":"","role_du_publieur":"","credit":""},"yoast_head":"<!-- This site is optimized with the Yoast SEO plugin v26.7 - https:\/\/yoast.com\/wordpress\/plugins\/seo\/ -->\n<title>Budget 2026-2027 : Le Front commun pour les arts soulag\u00e9 - En Piste<\/title>\n<meta name=\"robots\" content=\"index, follow, max-snippet:-1, max-image-preview:large, max-video-preview:-1\" \/>\n<link rel=\"canonical\" href=\"https:\/\/enpiste.qc.ca\/en\/communique-de-presse\/2026-2027-budget-the-common-front-for-the-arts-breathes-a-sigh-of-relief\/\" \/>\n<meta property=\"og:locale\" content=\"en_US\" \/>\n<meta property=\"og:type\" content=\"article\" \/>\n<meta property=\"og:title\" content=\"Budget 2026-2027 : Le Front commun pour les arts soulag\u00e9 - En Piste\" \/>\n<meta property=\"og:description\" content=\"Le gouvernement maintient le financement de La culture \u00e0 l\u2019\u00e9cole et des sorties scolaires en milieu culturel\" \/>\n<meta property=\"og:url\" content=\"https:\/\/enpiste.qc.ca\/en\/communique-de-presse\/2026-2027-budget-the-common-front-for-the-arts-breathes-a-sigh-of-relief\/\" \/>\n<meta property=\"og:site_name\" content=\"En Piste\" \/>\n<meta property=\"article:publisher\" content=\"https:\/\/www.facebook.com\/EnPiste1\/\" \/>\n<meta property=\"article:modified_time\" content=\"2026-04-21T20:49:52+00:00\" \/>\n<meta property=\"og:image\" content=\"https:\/\/enpiste.qc.ca\/wp-content\/uploads\/2026\/02\/20260216_Communique_FrontCommun-scaled.png\" \/>\n\t<meta property=\"og:image:width\" content=\"2560\" \/>\n\t<meta property=\"og:image:height\" content=\"1280\" \/>\n\t<meta property=\"og:image:type\" content=\"image\/png\" \/>\n<meta name=\"twitter:card\" content=\"summary_large_image\" \/>\n<meta name=\"twitter:label1\" content=\"Est. reading time\" \/>\n\t<meta name=\"twitter:data1\" content=\"5 minutes\" \/>\n<script type=\"application\/ld+json\" class=\"yoast-schema-graph\">{\"@context\":\"https:\/\/schema.org\",\"@graph\":[{\"@type\":\"WebPage\",\"@id\":\"https:\/\/enpiste.qc.ca\/en\/communique-de-presse\/2026-2027-budget-the-common-front-for-the-arts-breathes-a-sigh-of-relief\/\",\"url\":\"https:\/\/enpiste.qc.ca\/en\/communique-de-presse\/2026-2027-budget-the-common-front-for-the-arts-breathes-a-sigh-of-relief\/\",\"name\":\"Budget 2026-2027 : Le Front commun pour les arts soulag\u00e9 - En Piste\",\"isPartOf\":{\"@id\":\"https:\/\/enpiste.qc.ca\/#website\"},\"primaryImageOfPage\":{\"@id\":\"https:\/\/enpiste.qc.ca\/en\/communique-de-presse\/2026-2027-budget-the-common-front-for-the-arts-breathes-a-sigh-of-relief\/#primaryimage\"},\"image\":{\"@id\":\"https:\/\/enpiste.qc.ca\/en\/communique-de-presse\/2026-2027-budget-the-common-front-for-the-arts-breathes-a-sigh-of-relief\/#primaryimage\"},\"thumbnailUrl\":\"https:\/\/enpiste.qc.ca\/wp-content\/uploads\/2026\/02\/20260216_Communique_FrontCommun-scaled.png\",\"datePublished\":\"2026-03-18T22:22:42+00:00\",\"dateModified\":\"2026-04-21T20:49:52+00:00\",\"breadcrumb\":{\"@id\":\"https:\/\/enpiste.qc.ca\/en\/communique-de-presse\/2026-2027-budget-the-common-front-for-the-arts-breathes-a-sigh-of-relief\/#breadcrumb\"},\"inLanguage\":\"en-CA\",\"potentialAction\":[{\"@type\":\"ReadAction\",\"target\":[\"https:\/\/enpiste.qc.ca\/en\/communique-de-presse\/2026-2027-budget-the-common-front-for-the-arts-breathes-a-sigh-of-relief\/\"]}]},{\"@type\":\"ImageObject\",\"inLanguage\":\"en-CA\",\"@id\":\"https:\/\/enpiste.qc.ca\/en\/communique-de-presse\/2026-2027-budget-the-common-front-for-the-arts-breathes-a-sigh-of-relief\/#primaryimage\",\"url\":\"https:\/\/enpiste.qc.ca\/wp-content\/uploads\/2026\/02\/20260216_Communique_FrontCommun-scaled.png\",\"contentUrl\":\"https:\/\/enpiste.qc.ca\/wp-content\/uploads\/2026\/02\/20260216_Communique_FrontCommun-scaled.png\",\"width\":2560,\"height\":1280},{\"@type\":\"BreadcrumbList\",\"@id\":\"https:\/\/enpiste.qc.ca\/en\/communique-de-presse\/2026-2027-budget-the-common-front-for-the-arts-breathes-a-sigh-of-relief\/#breadcrumb\",\"itemListElement\":[{\"@type\":\"ListItem\",\"position\":1,\"name\":\"Home\",\"item\":\"https:\/\/enpiste.qc.ca\/en\/homepage\/\"},{\"@type\":\"ListItem\",\"position\":2,\"name\":\"Budget 2026-2027 : Le Front commun pour les arts soulag\u00e9\"}]},{\"@type\":\"WebSite\",\"@id\":\"https:\/\/enpiste.qc.ca\/#website\",\"url\":\"https:\/\/enpiste.qc.ca\/\",\"name\":\"En piste\",\"description\":\"un art vivant, une communaut\u00e9 engag\u00e9e\",\"publisher\":{\"@id\":\"https:\/\/enpiste.qc.ca\/#organization\"},\"potentialAction\":[{\"@type\":\"SearchAction\",\"target\":{\"@type\":\"EntryPoint\",\"urlTemplate\":\"https:\/\/enpiste.qc.ca\/?s={search_term_string}\"},\"query-input\":{\"@type\":\"PropertyValueSpecification\",\"valueRequired\":true,\"valueName\":\"search_term_string\"}}],\"inLanguage\":\"en-CA\"},{\"@type\":\"Organization\",\"@id\":\"https:\/\/enpiste.qc.ca\/#organization\",\"name\":\"En piste\",\"url\":\"https:\/\/enpiste.qc.ca\/\",\"logo\":{\"@type\":\"ImageObject\",\"inLanguage\":\"en-CA\",\"@id\":\"https:\/\/enpiste.qc.ca\/#\/schema\/logo\/image\/\",\"url\":\"https:\/\/enpiste.qc.ca\/wp-content\/uploads\/2025\/10\/Vector.png\",\"contentUrl\":\"https:\/\/enpiste.qc.ca\/wp-content\/uploads\/2025\/10\/Vector.png\",\"width\":337,\"height\":93,\"caption\":\"En piste\"},\"image\":{\"@id\":\"https:\/\/enpiste.qc.ca\/#\/schema\/logo\/image\/\"},\"sameAs\":[\"https:\/\/www.facebook.com\/EnPiste1\/\",\"https:\/\/www.linkedin.com\/in\/en-piste-regroupement-national-des-arts-du-cirque-821171144\/\",\"https:\/\/www.instagram.com\/enpistecirque\/?hl=fr-ca\"]}]}<\/script>\n<!-- \/ Yoast SEO plugin. -->","yoast_head_json":{"title":"Budget 2026-2027 : Le Front commun pour les arts soulag\u00e9 - En Piste","robots":{"index":"index","follow":"follow","max-snippet":"max-snippet:-1","max-image-preview":"max-image-preview:large","max-video-preview":"max-video-preview:-1"},"canonical":"https:\/\/enpiste.qc.ca\/en\/communique-de-presse\/2026-2027-budget-the-common-front-for-the-arts-breathes-a-sigh-of-relief\/","og_locale":"en_US","og_type":"article","og_title":"Budget 2026-2027 : Le Front commun pour les arts soulag\u00e9 - En Piste","og_description":"Le gouvernement maintient le financement de La culture \u00e0 l\u2019\u00e9cole et des sorties scolaires en milieu culturel","og_url":"https:\/\/enpiste.qc.ca\/en\/communique-de-presse\/2026-2027-budget-the-common-front-for-the-arts-breathes-a-sigh-of-relief\/","og_site_name":"En Piste","article_publisher":"https:\/\/www.facebook.com\/EnPiste1\/","article_modified_time":"2026-04-21T20:49:52+00:00","og_image":[{"width":2560,"height":1280,"url":"https:\/\/enpiste.qc.ca\/wp-content\/uploads\/2026\/02\/20260216_Communique_FrontCommun-scaled.png","type":"image\/png"}],"twitter_card":"summary_large_image","twitter_misc":{"Est. reading time":"5 minutes"},"schema":{"@context":"https:\/\/schema.org","@graph":[{"@type":"WebPage","@id":"https:\/\/enpiste.qc.ca\/en\/communique-de-presse\/2026-2027-budget-the-common-front-for-the-arts-breathes-a-sigh-of-relief\/","url":"https:\/\/enpiste.qc.ca\/en\/communique-de-presse\/2026-2027-budget-the-common-front-for-the-arts-breathes-a-sigh-of-relief\/","name":"Budget 2026-2027 : Le Front commun pour les arts soulag\u00e9 - En Piste","isPartOf":{"@id":"https:\/\/enpiste.qc.ca\/#website"},"primaryImageOfPage":{"@id":"https:\/\/enpiste.qc.ca\/en\/communique-de-presse\/2026-2027-budget-the-common-front-for-the-arts-breathes-a-sigh-of-relief\/#primaryimage"},"image":{"@id":"https:\/\/enpiste.qc.ca\/en\/communique-de-presse\/2026-2027-budget-the-common-front-for-the-arts-breathes-a-sigh-of-relief\/#primaryimage"},"thumbnailUrl":"https:\/\/enpiste.qc.ca\/wp-content\/uploads\/2026\/02\/20260216_Communique_FrontCommun-scaled.png","datePublished":"2026-03-18T22:22:42+00:00","dateModified":"2026-04-21T20:49:52+00:00","breadcrumb":{"@id":"https:\/\/enpiste.qc.ca\/en\/communique-de-presse\/2026-2027-budget-the-common-front-for-the-arts-breathes-a-sigh-of-relief\/#breadcrumb"},"inLanguage":"en-CA","potentialAction":[{"@type":"ReadAction","target":["https:\/\/enpiste.qc.ca\/en\/communique-de-presse\/2026-2027-budget-the-common-front-for-the-arts-breathes-a-sigh-of-relief\/"]}]},{"@type":"ImageObject","inLanguage":"en-CA","@id":"https:\/\/enpiste.qc.ca\/en\/communique-de-presse\/2026-2027-budget-the-common-front-for-the-arts-breathes-a-sigh-of-relief\/#primaryimage","url":"https:\/\/enpiste.qc.ca\/wp-content\/uploads\/2026\/02\/20260216_Communique_FrontCommun-scaled.png","contentUrl":"https:\/\/enpiste.qc.ca\/wp-content\/uploads\/2026\/02\/20260216_Communique_FrontCommun-scaled.png","width":2560,"height":1280},{"@type":"BreadcrumbList","@id":"https:\/\/enpiste.qc.ca\/en\/communique-de-presse\/2026-2027-budget-the-common-front-for-the-arts-breathes-a-sigh-of-relief\/#breadcrumb","itemListElement":[{"@type":"ListItem","position":1,"name":"Home","item":"https:\/\/enpiste.qc.ca\/en\/homepage\/"},{"@type":"ListItem","position":2,"name":"Budget 2026-2027 : Le Front commun pour les arts soulag\u00e9"}]},{"@type":"WebSite","@id":"https:\/\/enpiste.qc.ca\/#website","url":"https:\/\/enpiste.qc.ca\/","name":"En piste","description":"un art vivant, une communaut\u00e9 engag\u00e9e","publisher":{"@id":"https:\/\/enpiste.qc.ca\/#organization"},"potentialAction":[{"@type":"SearchAction","target":{"@type":"EntryPoint","urlTemplate":"https:\/\/enpiste.qc.ca\/?s={search_term_string}"},"query-input":{"@type":"PropertyValueSpecification","valueRequired":true,"valueName":"search_term_string"}}],"inLanguage":"en-CA"},{"@type":"Organization","@id":"https:\/\/enpiste.qc.ca\/#organization","name":"En piste","url":"https:\/\/enpiste.qc.ca\/","logo":{"@type":"ImageObject","inLanguage":"en-CA","@id":"https:\/\/enpiste.qc.ca\/#\/schema\/logo\/image\/","url":"https:\/\/enpiste.qc.ca\/wp-content\/uploads\/2025\/10\/Vector.png","contentUrl":"https:\/\/enpiste.qc.ca\/wp-content\/uploads\/2025\/10\/Vector.png","width":337,"height":93,"caption":"En piste"},"image":{"@id":"https:\/\/enpiste.qc.ca\/#\/schema\/logo\/image\/"},"sameAs":["https:\/\/www.facebook.com\/EnPiste1\/","https:\/\/www.linkedin.com\/in\/en-piste-regroupement-national-des-arts-du-cirque-821171144\/","https:\/\/www.instagram.com\/enpistecirque\/?hl=fr-ca"]}]}},"_links":{"self":[{"href":"https:\/\/enpiste.qc.ca\/en\/wp-json\/wp\/v2\/communique-de-presse\/5254","targetHints":{"allow":["GET"]}}],"collection":[{"href":"https:\/\/enpiste.qc.ca\/en\/wp-json\/wp\/v2\/communique-de-presse"}],"about":[{"href":"https:\/\/enpiste.qc.ca\/en\/wp-json\/wp\/v2\/types\/communique-de-presse"}],"wp:featuredmedia":[{"embeddable":true,"href":"https:\/\/enpiste.qc.ca\/en\/wp-json\/wp\/v2\/media\/5114"}],"wp:attachment":[{"href":"https:\/\/enpiste.qc.ca\/en\/wp-json\/wp\/v2\/media?parent=5254"}],"wp:term":[{"taxonomy":"category","embeddable":true,"href":"https:\/\/enpiste.qc.ca\/en\/wp-json\/wp\/v2\/categories?post=5254"},{"taxonomy":"post_tag","embeddable":true,"href":"https:\/\/enpiste.qc.ca\/en\/wp-json\/wp\/v2\/tags?post=5254"}],"curies":[{"name":"wp","href":"https:\/\/api.w.org\/{rel}","templated":true}]}}